{"id":2147,"date":"2017-08-04T22:26:44","date_gmt":"2017-08-04T22:26:44","guid":{"rendered":"http:\/\/www.alwahotel.com\/?p=2147"},"modified":"2017-08-04T22:26:44","modified_gmt":"2017-08-04T22:26:44","slug":"la-feria-internacional-arequipa-fia-2017-traera-novedades","status":"publish","type":"post","link":"https:\/\/www.alwahotel.com\/fr\/2017\/08\/04\/la-feria-internacional-arequipa-fia-2017-traera-novedades\/","title":{"rendered":"Este 06 de Agosto no te pierdas del Pasacalle Regional Arequipa"},"content":{"rendered":"<p>Esta actividad\u00a0da inicio a los festejos centrales del mes aniversario por el 477\u00ba aniversario de Arequipa, cuya fecha principal se celebra el 15 de agosto.<\/p>\n<p>Este pasacalle congrega \u00a0a m\u00e1s\u00a0de 2,000 pobladores de las ocho provincias de la regi\u00f3n Arequipa, que participar\u00e1n del IX Pasacalle Regional 2017, bailando danzas t\u00edpicas de su jurisdicci\u00f3n.<\/p>\n<div>Se interpretar\u00e1n m\u00e1s de 40 danzas t\u00edpicas de las provincias de Castilla, La Uni\u00f3n, Condesuyos, Caylloma, Caravel\u00ed, Islay, Caman\u00e1 y Arequipa.<\/div>\n<div><\/div>\n<div>Los ganadores \u00a0del Pasacalle Regional 2017 se har\u00e1n acreedores a la ejecuci\u00f3n de proyectos de inversi\u00f3n p\u00fablica por los montos de 250,000, 150,000 y 100,000 soles para el primero, segundo y tercer puesto, respectivamente.<\/div>\n<div>\n<div><\/div>\n<div>No te pierdas la oportunidad de apreciar nuestra cultura y costumbres plasmados de variadas danzas y<\/div>\n<\/div>\n<div>coloridos trajes. Es una gran oportunidad para sentirnos orgullosos por nuestra cultura, arte y tradiciones.<\/div>\n<div><\/div>\n<div><\/div>\n<div>Por : Enrique Villafuerte Alvarado<\/div>\n<p><\/p>","protected":false},"excerpt":{"rendered":"<p>Esta actividad\u00a0da inicio a los festejos centrales del mes aniversario por el 477\u00ba aniversario de Arequipa, cuya fecha principal se celebra el 15 de agosto. Este pasacalle congrega \u00a0a m\u00e1s\u00a0de 2,000 pobladores de las ocho provincias de la regi\u00f3n Arequipa, que participar\u00e1n del IX Pasacalle Regional 2017, bailando danzas t\u00edpicas de su jurisdicci\u00f3n. Se interpretar\u00e1n [&hellip;]<\/p>\n","protected":false},"author":1,"featured_media":2150,"comment_status":"closed","ping_status":"open","sticky":false,"template":"","format":"standard","meta":{"_acf_changed":false,"footnotes":""},"categories":[1],"tags":[],"class_list":["post-2147","post","type-post","status-publish","format-standard","has-post-thumbnail","hentry","category-sin-categoria"],"acf":[],"yoast_head":"<!-- This site is optimized with the Yoast SEO plugin v27.4 - https:\/\/yoast.com\/product\/yoast-seo-wordpress\/ -->\n<title>(Espa\u00f1ol) Monasterio Santa Catalina cerca a Alwa Hotel Arequipa,convento santa catalina hospedaje confortable seguro<\/title>\n<meta name=\"description\" content=\"(Espa\u00f1ol) Convento santa catalina reserva habitaciones en Alwa hotel hospedaje confortable seguro cercano al monasterio de santa catalina el mejor hotel en arequipa\" \/>\n<meta name=\"robots\" content=\"index, follow, max-snippet:-1, max-image-preview:large, max-video-preview:-1\" \/>\n<link rel=\"canonical\" href=\"https:\/\/www.alwahotel.com\/en\/2017\/08\/04\/la-feria-internacional-arequipa-fia-2017-traera-novedades\/\" \/>\n<meta property=\"og:locale\" content=\"fr_FR\" \/>\n<meta property=\"og:type\" content=\"article\" \/>\n<meta property=\"og:title\" content=\"(Espa\u00f1ol) Monasterio Santa Catalina cerca a Alwa Hotel Arequipa,convento santa catalina hospedaje confortable seguro\" \/>\n<meta property=\"og:description\" content=\"(Espa\u00f1ol) Convento santa catalina reserva habitaciones en Alwa hotel hospedaje confortable seguro cercano al monasterio de santa catalina el mejor hotel en arequipa\" \/>\n<meta property=\"og:url\" content=\"https:\/\/www.alwahotel.com\/en\/2017\/08\/04\/la-feria-internacional-arequipa-fia-2017-traera-novedades\/\" \/>\n<meta property=\"og:site_name\" content=\"Hotel en Arequipa con la mejor vista a la campi\u00f1a. Disfruta de uno de los mejores hoteles de Arequipa Per\u00fa.\" \/>\n<meta property=\"article:publisher\" content=\"https:\/\/www.facebook.com\/alwahotel\/\" \/>\n<meta property=\"article:published_time\" content=\"2017-08-04T22:26:44+00:00\" \/>\n<meta property=\"og:image\" content=\"https:\/\/www.alwahotel.com\/wp-content\/uploads\/2017\/07\/FIA2017.png\" \/>\n\t<meta property=\"og:image:width\" content=\"1130\" \/>\n\t<meta property=\"og:image:height\" content=\"600\" \/>\n\t<meta property=\"og:image:type\" content=\"image\/png\" \/>\n<meta name=\"author\" content=\"admin\" \/>\n<meta name=\"twitter:card\" content=\"summary_large_image\" \/>\n<meta name=\"twitter:label1\" content=\"\u00c9crit par\" \/>\n\t<meta name=\"twitter:data1\" content=\"admin\" \/>\n\t<meta name=\"twitter:label2\" content=\"Dur\u00e9e de lecture estim\u00e9e\" \/>\n\t<meta name=\"twitter:data2\" content=\"1 minute\" \/>\n<script type=\"application\/ld+json\" class=\"yoast-schema-graph\">{\"@context\":\"https:\\\/\\\/schema.org\",\"@graph\":[{\"@type\":\"Article\",\"@id\":\"https:\\\/\\\/www.alwahotel.com\\\/en\\\/2017\\\/08\\\/04\\\/la-feria-internacional-arequipa-fia-2017-traera-novedades\\\/#article\",\"isPartOf\":{\"@id\":\"https:\\\/\\\/www.alwahotel.com\\\/en\\\/2017\\\/08\\\/04\\\/la-feria-internacional-arequipa-fia-2017-traera-novedades\\\/\"},\"author\":{\"name\":\"admin\",\"@id\":\"https:\\\/\\\/www.alwahotel.com\\\/#\\\/schema\\\/person\\\/8d502aecf81c710a25dffd42f72c595a\"},\"headline\":\"Este 06 de Agosto no te pierdas del Pasacalle Regional Arequipa\",\"datePublished\":\"2017-08-04T22:26:44+00:00\",\"mainEntityOfPage\":{\"@id\":\"https:\\\/\\\/www.alwahotel.com\\\/en\\\/2017\\\/08\\\/04\\\/la-feria-internacional-arequipa-fia-2017-traera-novedades\\\/\"},\"wordCount\":257,\"publisher\":{\"@id\":\"https:\\\/\\\/www.alwahotel.com\\\/#organization\"},\"image\":{\"@id\":\"https:\\\/\\\/www.alwahotel.com\\\/en\\\/2017\\\/08\\\/04\\\/la-feria-internacional-arequipa-fia-2017-traera-novedades\\\/#primaryimage\"},\"thumbnailUrl\":\"https:\\\/\\\/www.alwahotel.com\\\/wp-content\\\/uploads\\\/2017\\\/07\\\/FIA2017.png\",\"articleSection\":[\"Sin categor\u00eda\"],\"inLanguage\":\"fr-FR\"},{\"@type\":\"WebPage\",\"@id\":\"https:\\\/\\\/www.alwahotel.com\\\/en\\\/2017\\\/08\\\/04\\\/la-feria-internacional-arequipa-fia-2017-traera-novedades\\\/\",\"url\":\"https:\\\/\\\/www.alwahotel.com\\\/en\\\/2017\\\/08\\\/04\\\/la-feria-internacional-arequipa-fia-2017-traera-novedades\\\/\",\"name\":\"(Espa\u00f1ol) Monasterio Santa Catalina cerca a Alwa Hotel Arequipa,convento santa catalina hospedaje confortable seguro\",\"isPartOf\":{\"@id\":\"https:\\\/\\\/www.alwahotel.com\\\/#website\"},\"primaryImageOfPage\":{\"@id\":\"https:\\\/\\\/www.alwahotel.com\\\/en\\\/2017\\\/08\\\/04\\\/la-feria-internacional-arequipa-fia-2017-traera-novedades\\\/#primaryimage\"},\"image\":{\"@id\":\"https:\\\/\\\/www.alwahotel.com\\\/en\\\/2017\\\/08\\\/04\\\/la-feria-internacional-arequipa-fia-2017-traera-novedades\\\/#primaryimage\"},\"thumbnailUrl\":\"https:\\\/\\\/www.alwahotel.com\\\/wp-content\\\/uploads\\\/2017\\\/07\\\/FIA2017.png\",\"datePublished\":\"2017-08-04T22:26:44+00:00\",\"description\":\"(Espa\u00f1ol) Convento santa catalina reserva habitaciones en Alwa hotel hospedaje confortable seguro cercano al monasterio de santa catalina el mejor hotel en arequipa\",\"breadcrumb\":{\"@id\":\"https:\\\/\\\/www.alwahotel.com\\\/en\\\/2017\\\/08\\\/04\\\/la-feria-internacional-arequipa-fia-2017-traera-novedades\\\/#breadcrumb\"},\"inLanguage\":\"fr-FR\",\"potentialAction\":[{\"@type\":\"ReadAction\",\"target\":[\"https:\\\/\\\/www.alwahotel.com\\\/en\\\/2017\\\/08\\\/04\\\/la-feria-internacional-arequipa-fia-2017-traera-novedades\\\/\"]}]},{\"@type\":\"ImageObject\",\"inLanguage\":\"fr-FR\",\"@id\":\"https:\\\/\\\/www.alwahotel.com\\\/en\\\/2017\\\/08\\\/04\\\/la-feria-internacional-arequipa-fia-2017-traera-novedades\\\/#primaryimage\",\"url\":\"https:\\\/\\\/www.alwahotel.com\\\/wp-content\\\/uploads\\\/2017\\\/07\\\/FIA2017.png\",\"contentUrl\":\"https:\\\/\\\/www.alwahotel.com\\\/wp-content\\\/uploads\\\/2017\\\/07\\\/FIA2017.png\",\"width\":1130,\"height\":600},{\"@type\":\"BreadcrumbList\",\"@id\":\"https:\\\/\\\/www.alwahotel.com\\\/en\\\/2017\\\/08\\\/04\\\/la-feria-internacional-arequipa-fia-2017-traera-novedades\\\/#breadcrumb\",\"itemListElement\":[{\"@type\":\"ListItem\",\"position\":1,\"name\":\"Portada\",\"item\":\"https:\\\/\\\/www.alwahotel.com\\\/en\\\/\"},{\"@type\":\"ListItem\",\"position\":2,\"name\":\"(Espa\u00f1ol) La Feria Internacional de Arequipa FIA 2017 traer\u00e1 novedades\"}]},{\"@type\":\"WebSite\",\"@id\":\"https:\\\/\\\/www.alwahotel.com\\\/#website\",\"url\":\"https:\\\/\\\/www.alwahotel.com\\\/\",\"name\":\"Hotel en Arequipa con la mejor vista a la campi\u00f1a. Disfruta de uno de los mejores hoteles de Arequipa Per\u00fa.\",\"description\":\"Alwa\",\"publisher\":{\"@id\":\"https:\\\/\\\/www.alwahotel.com\\\/#organization\"},\"potentialAction\":[{\"@type\":\"SearchAction\",\"target\":{\"@type\":\"EntryPoint\",\"urlTemplate\":\"https:\\\/\\\/www.alwahotel.com\\\/?s={search_term_string}\"},\"query-input\":{\"@type\":\"PropertyValueSpecification\",\"valueRequired\":true,\"valueName\":\"search_term_string\"}}],\"inLanguage\":\"fr-FR\"},{\"@type\":\"Organization\",\"@id\":\"https:\\\/\\\/www.alwahotel.com\\\/#organization\",\"name\":\"alwa hotel - hotel en Arequipa Per\u00fa\",\"url\":\"https:\\\/\\\/www.alwahotel.com\\\/\",\"logo\":{\"@type\":\"ImageObject\",\"inLanguage\":\"fr-FR\",\"@id\":\"https:\\\/\\\/www.alwahotel.com\\\/#\\\/schema\\\/logo\\\/image\\\/\",\"url\":\"https:\\\/\\\/www.alwahotel.com\\\/wp-content\\\/uploads\\\/2017\\\/11\\\/logoAlwa.jpg\",\"contentUrl\":\"https:\\\/\\\/www.alwahotel.com\\\/wp-content\\\/uploads\\\/2017\\\/11\\\/logoAlwa.jpg\",\"width\":302,\"height\":154,\"caption\":\"alwa hotel - hotel en Arequipa Per\u00fa\"},\"image\":{\"@id\":\"https:\\\/\\\/www.alwahotel.com\\\/#\\\/schema\\\/logo\\\/image\\\/\"},\"sameAs\":[\"https:\\\/\\\/www.facebook.com\\\/alwahotel\\\/\"]},{\"@type\":\"Person\",\"@id\":\"https:\\\/\\\/www.alwahotel.com\\\/#\\\/schema\\\/person\\\/8d502aecf81c710a25dffd42f72c595a\",\"name\":\"admin\",\"image\":{\"@type\":\"ImageObject\",\"inLanguage\":\"fr-FR\",\"@id\":\"https:\\\/\\\/secure.gravatar.com\\\/avatar\\\/e3ac6491e48f1bf7eb2952f25b6a104aa0b4c9beb0ddaff71cb967f8858aec67?s=96&d=mm&r=g\",\"url\":\"https:\\\/\\\/secure.gravatar.com\\\/avatar\\\/e3ac6491e48f1bf7eb2952f25b6a104aa0b4c9beb0ddaff71cb967f8858aec67?s=96&d=mm&r=g\",\"contentUrl\":\"https:\\\/\\\/secure.gravatar.com\\\/avatar\\\/e3ac6491e48f1bf7eb2952f25b6a104aa0b4c9beb0ddaff71cb967f8858aec67?s=96&d=mm&r=g\",\"caption\":\"admin\"},\"url\":\"https:\\\/\\\/www.alwahotel.com\\\/fr\\\/author\\\/admin\\\/\"}]}<\/script>\n<!-- \/ Yoast SEO plugin. -->","yoast_head_json":{"title":"(Espa\u00f1ol) Monasterio Santa Catalina cerca a Alwa Hotel Arequipa,convento santa catalina hospedaje confortable seguro","description":"(Espa\u00f1ol) Convento santa catalina reserva habitaciones en Alwa hotel hospedaje confortable seguro cercano al monasterio de santa catalina el mejor hotel en arequipa","robots":{"index":"index","follow":"follow","max-snippet":"max-snippet:-1","max-image-preview":"max-image-preview:large","max-video-preview":"max-video-preview:-1"},"canonical":"https:\/\/www.alwahotel.com\/en\/2017\/08\/04\/la-feria-internacional-arequipa-fia-2017-traera-novedades\/","og_locale":"fr_FR","og_type":"article","og_title":"(Espa\u00f1ol) Monasterio Santa Catalina cerca a Alwa Hotel Arequipa,convento santa catalina hospedaje confortable seguro","og_description":"(Espa\u00f1ol) Convento santa catalina reserva habitaciones en Alwa hotel hospedaje confortable seguro cercano al monasterio de santa catalina el mejor hotel en arequipa","og_url":"https:\/\/www.alwahotel.com\/en\/2017\/08\/04\/la-feria-internacional-arequipa-fia-2017-traera-novedades\/","og_site_name":"Hotel en Arequipa con la mejor vista a la campi\u00f1a. Disfruta de uno de los mejores hoteles de Arequipa Per\u00fa.","article_publisher":"https:\/\/www.facebook.com\/alwahotel\/","article_published_time":"2017-08-04T22:26:44+00:00","og_image":[{"width":1130,"height":600,"url":"https:\/\/www.alwahotel.com\/wp-content\/uploads\/2017\/07\/FIA2017.png","type":"image\/png"}],"author":"admin","twitter_card":"summary_large_image","twitter_misc":{"\u00c9crit par":"admin","Dur\u00e9e de lecture estim\u00e9e":"1 minute"},"schema":{"@context":"https:\/\/schema.org","@graph":[{"@type":"Article","@id":"https:\/\/www.alwahotel.com\/en\/2017\/08\/04\/la-feria-internacional-arequipa-fia-2017-traera-novedades\/#article","isPartOf":{"@id":"https:\/\/www.alwahotel.com\/en\/2017\/08\/04\/la-feria-internacional-arequipa-fia-2017-traera-novedades\/"},"author":{"name":"admin","@id":"https:\/\/www.alwahotel.com\/#\/schema\/person\/8d502aecf81c710a25dffd42f72c595a"},"headline":"Este 06 de Agosto no te pierdas del Pasacalle Regional Arequipa","datePublished":"2017-08-04T22:26:44+00:00","mainEntityOfPage":{"@id":"https:\/\/www.alwahotel.com\/en\/2017\/08\/04\/la-feria-internacional-arequipa-fia-2017-traera-novedades\/"},"wordCount":257,"publisher":{"@id":"https:\/\/www.alwahotel.com\/#organization"},"image":{"@id":"https:\/\/www.alwahotel.com\/en\/2017\/08\/04\/la-feria-internacional-arequipa-fia-2017-traera-novedades\/#primaryimage"},"thumbnailUrl":"https:\/\/www.alwahotel.com\/wp-content\/uploads\/2017\/07\/FIA2017.png","articleSection":["Sin categor\u00eda"],"inLanguage":"fr-FR"},{"@type":"WebPage","@id":"https:\/\/www.alwahotel.com\/en\/2017\/08\/04\/la-feria-internacional-arequipa-fia-2017-traera-novedades\/","url":"https:\/\/www.alwahotel.com\/en\/2017\/08\/04\/la-feria-internacional-arequipa-fia-2017-traera-novedades\/","name":"(Espa\u00f1ol) Monasterio Santa Catalina cerca a Alwa Hotel Arequipa,convento santa catalina hospedaje confortable seguro","isPartOf":{"@id":"https:\/\/www.alwahotel.com\/#website"},"primaryImageOfPage":{"@id":"https:\/\/www.alwahotel.com\/en\/2017\/08\/04\/la-feria-internacional-arequipa-fia-2017-traera-novedades\/#primaryimage"},"image":{"@id":"https:\/\/www.alwahotel.com\/en\/2017\/08\/04\/la-feria-internacional-arequipa-fia-2017-traera-novedades\/#primaryimage"},"thumbnailUrl":"https:\/\/www.alwahotel.com\/wp-content\/uploads\/2017\/07\/FIA2017.png","datePublished":"2017-08-04T22:26:44+00:00","description":"(Espa\u00f1ol) Convento santa catalina reserva habitaciones en Alwa hotel hospedaje confortable seguro cercano al monasterio de santa catalina el mejor hotel en arequipa","breadcrumb":{"@id":"https:\/\/www.alwahotel.com\/en\/2017\/08\/04\/la-feria-internacional-arequipa-fia-2017-traera-novedades\/#breadcrumb"},"inLanguage":"fr-FR","potentialAction":[{"@type":"ReadAction","target":["https:\/\/www.alwahotel.com\/en\/2017\/08\/04\/la-feria-internacional-arequipa-fia-2017-traera-novedades\/"]}]},{"@type":"ImageObject","inLanguage":"fr-FR","@id":"https:\/\/www.alwahotel.com\/en\/2017\/08\/04\/la-feria-internacional-arequipa-fia-2017-traera-novedades\/#primaryimage","url":"https:\/\/www.alwahotel.com\/wp-content\/uploads\/2017\/07\/FIA2017.png","contentUrl":"https:\/\/www.alwahotel.com\/wp-content\/uploads\/2017\/07\/FIA2017.png","width":1130,"height":600},{"@type":"BreadcrumbList","@id":"https:\/\/www.alwahotel.com\/en\/2017\/08\/04\/la-feria-internacional-arequipa-fia-2017-traera-novedades\/#breadcrumb","itemListElement":[{"@type":"ListItem","position":1,"name":"Portada","item":"https:\/\/www.alwahotel.com\/en\/"},{"@type":"ListItem","position":2,"name":"(Espa\u00f1ol) La Feria Internacional de Arequipa FIA 2017 traer\u00e1 novedades"}]},{"@type":"WebSite","@id":"https:\/\/www.alwahotel.com\/#website","url":"https:\/\/www.alwahotel.com\/","name":"Hotel en Arequipa con la mejor vista a la campi\u00f1a. Disfruta de uno de los mejores hoteles de Arequipa Per\u00fa.","description":"Alwa","publisher":{"@id":"https:\/\/www.alwahotel.com\/#organization"},"potentialAction":[{"@type":"SearchAction","target":{"@type":"EntryPoint","urlTemplate":"https:\/\/www.alwahotel.com\/?s={search_term_string}"},"query-input":{"@type":"PropertyValueSpecification","valueRequired":true,"valueName":"search_term_string"}}],"inLanguage":"fr-FR"},{"@type":"Organization","@id":"https:\/\/www.alwahotel.com\/#organization","name":"alwa hotel - hotel en Arequipa Per\u00fa","url":"https:\/\/www.alwahotel.com\/","logo":{"@type":"ImageObject","inLanguage":"fr-FR","@id":"https:\/\/www.alwahotel.com\/#\/schema\/logo\/image\/","url":"https:\/\/www.alwahotel.com\/wp-content\/uploads\/2017\/11\/logoAlwa.jpg","contentUrl":"https:\/\/www.alwahotel.com\/wp-content\/uploads\/2017\/11\/logoAlwa.jpg","width":302,"height":154,"caption":"alwa hotel - hotel en Arequipa Per\u00fa"},"image":{"@id":"https:\/\/www.alwahotel.com\/#\/schema\/logo\/image\/"},"sameAs":["https:\/\/www.facebook.com\/alwahotel\/"]},{"@type":"Person","@id":"https:\/\/www.alwahotel.com\/#\/schema\/person\/8d502aecf81c710a25dffd42f72c595a","name":"admin","image":{"@type":"ImageObject","inLanguage":"fr-FR","@id":"https:\/\/secure.gravatar.com\/avatar\/e3ac6491e48f1bf7eb2952f25b6a104aa0b4c9beb0ddaff71cb967f8858aec67?s=96&d=mm&r=g","url":"https:\/\/secure.gravatar.com\/avatar\/e3ac6491e48f1bf7eb2952f25b6a104aa0b4c9beb0ddaff71cb967f8858aec67?s=96&d=mm&r=g","contentUrl":"https:\/\/secure.gravatar.com\/avatar\/e3ac6491e48f1bf7eb2952f25b6a104aa0b4c9beb0ddaff71cb967f8858aec67?s=96&d=mm&r=g","caption":"admin"},"url":"https:\/\/www.alwahotel.com\/fr\/author\/admin\/"}]}},"_links":{"self":[{"href":"https:\/\/www.alwahotel.com\/fr\/wp-json\/wp\/v2\/posts\/2147","targetHints":{"allow":["GET"]}}],"collection":[{"href":"https:\/\/www.alwahotel.com\/fr\/wp-json\/wp\/v2\/posts"}],"about":[{"href":"https:\/\/www.alwahotel.com\/fr\/wp-json\/wp\/v2\/types\/post"}],"author":[{"embeddable":true,"href":"https:\/\/www.alwahotel.com\/fr\/wp-json\/wp\/v2\/users\/1"}],"replies":[{"embeddable":true,"href":"https:\/\/www.alwahotel.com\/fr\/wp-json\/wp\/v2\/comments?post=2147"}],"version-history":[{"count":1,"href":"https:\/\/www.alwahotel.com\/fr\/wp-json\/wp\/v2\/posts\/2147\/revisions"}],"predecessor-version":[{"id":2151,"href":"https:\/\/www.alwahotel.com\/fr\/wp-json\/wp\/v2\/posts\/2147\/revisions\/2151"}],"wp:featuredmedia":[{"embeddable":true,"href":"https:\/\/www.alwahotel.com\/fr\/wp-json\/wp\/v2\/media\/2150"}],"wp:attachment":[{"href":"https:\/\/www.alwahotel.com\/fr\/wp-json\/wp\/v2\/media?parent=2147"}],"wp:term":[{"taxonomy":"category","embeddable":true,"href":"https:\/\/www.alwahotel.com\/fr\/wp-json\/wp\/v2\/categories?post=2147"},{"taxonomy":"post_tag","embeddable":true,"href":"https:\/\/www.alwahotel.com\/fr\/wp-json\/wp\/v2\/tags?post=2147"}],"curies":[{"name":"wp","href":"https:\/\/api.w.org\/{rel}","templated":true}]}}